{"id":317,"date":"2007-08-07T18:21:11","date_gmt":"2007-08-07T16:21:11","guid":{"rendered":"http:\/\/www.michi-endemann.at\/mep\/?p=317"},"modified":"2007-08-07T18:21:11","modified_gmt":"2007-08-07T16:21:11","slug":"lebendig-oder-nicht","status":"publish","type":"post","link":"https:\/\/www.michi-endemann.at\/blog\/2007\/08\/07\/lebendig-oder-nicht\/","title":{"rendered":"Lebendig oder nicht?"},"content":{"rendered":"<p>Blogs sind Tageb\u00fccher, soweit so klar. Im Zeitalter von Papier und Bleistift war es einfach &#8211; nachtr\u00e4gliche \u00c4nderungen nur mit Hilfsmitteln oder Anmerkungen. Das komplette Ausl\u00f6schen eher unsch\u00f6n.<br \/>\nBlogs k\u00f6nnen anders sein &#8211; auch nachtr\u00e4gliche \u00c4nderungen sind m\u00f6glich, bis zum Ausl\u00f6schen oder Wegwerfen der mal aufgeschriebenen, damals wichtigen Gedanken.<br \/>\n&#8222;Der Blog lebt&#8220;, hab ich mir sagen lassen.<br \/>\nWenn aber der Blog lebt, ist dann das Tagebuch tot? Ein Ort abgelegter, toter Gedanken? Ein Gedankenfriedhof aus Papier?<br \/>\nUnd sind Blogs dann auch tot, wenn sie einfach nur so rumliegen und niemand \u00e4ltere Beitr\u00e4ge \u00e4ndert?<\/p>\n<p>Anmerkung 2012: manche Beitr\u00e4ge sind jedoch zum Weiterschreiben angelegt &#8211; wie zB. Dinge, die es noch nicht gibt&#8230;. also lebt der Blog doch &#8211; irgendwie &#8230;.<\/p>\n<p>Update 2014 &#8211; nach der zweiten \u00dcbersiedelung jetzt also hier nochmal gepostet. also doch lebendig?<\/p>\n","protected":false},"excerpt":{"rendered":"<p>Blogs sind Tageb\u00fccher, soweit so klar. Im Zeitalter von Papier und Bleistift war es einfach &#8211; nachtr\u00e4gliche \u00c4nderungen nur mit Hilfsmitteln oder Anmerkungen. Das komplette Ausl\u00f6schen eher unsch\u00f6n. Blogs k\u00f6nnen anders sein &#8211; auch nachtr\u00e4gliche \u00c4nderungen sind m\u00f6glich, bis zum Ausl\u00f6schen oder Wegwerfen der mal aufgeschriebenen, damals wichtigen Gedanken. &#8222;Der Blog lebt&#8220;, hab ich mir [&hellip;]<\/p>\n","protected":false},"author":1,"featured_media":0,"comment_status":"closed","ping_status":"closed","sticky":false,"template":"","format":"standard","meta":{"footnotes":""},"categories":[2],"tags":[],"class_list":["post-317","post","type-post","status-publish","format-standard","hentry","category-bleistiftasyl"],"_links":{"self":[{"href":"https:\/\/www.michi-endemann.at\/blog\/wp-json\/wp\/v2\/posts\/317","targetHints":{"allow":["GET"]}}],"collection":[{"href":"https:\/\/www.michi-endemann.at\/blog\/wp-json\/wp\/v2\/posts"}],"about":[{"href":"https:\/\/www.michi-endemann.at\/blog\/wp-json\/wp\/v2\/types\/post"}],"author":[{"embeddable":true,"href":"https:\/\/www.michi-endemann.at\/blog\/wp-json\/wp\/v2\/users\/1"}],"replies":[{"embeddable":true,"href":"https:\/\/www.michi-endemann.at\/blog\/wp-json\/wp\/v2\/comments?post=317"}],"version-history":[{"count":0,"href":"https:\/\/www.michi-endemann.at\/blog\/wp-json\/wp\/v2\/posts\/317\/revisions"}],"wp:attachment":[{"href":"https:\/\/www.michi-endemann.at\/blog\/wp-json\/wp\/v2\/media?parent=317"}],"wp:term":[{"taxonomy":"category","embeddable":true,"href":"https:\/\/www.michi-endemann.at\/blog\/wp-json\/wp\/v2\/categories?post=317"},{"taxonomy":"post_tag","embeddable":true,"href":"https:\/\/www.michi-endemann.at\/blog\/wp-json\/wp\/v2\/tags?post=317"}],"curies":[{"name":"wp","href":"https:\/\/api.w.org\/{rel}","templated":true}]}}