{"id":352,"date":"2014-02-25T19:58:44","date_gmt":"2014-02-25T18:58:44","guid":{"rendered":"http:\/\/www.michi-endemann.at\/mep\/?p=352"},"modified":"2014-02-25T19:58:44","modified_gmt":"2014-02-25T18:58:44","slug":"collagen","status":"publish","type":"post","link":"https:\/\/www.michi-endemann.at\/blog\/2014\/02\/25\/collagen\/","title":{"rendered":"Collagen"},"content":{"rendered":"<p style=\"text-align: left;\">Collagen und Bilder von einst und jetzt. Martin Weingartner.<a href=\"\/\/www.sommerakademie.at\" target=\"_blank\" rel=\"noopener\">Sommerakademie Zakynthos\u00a0<\/a>seit hm ungez\u00e4hlten Jahren. Diesmal eine Ausstellung seiner Werke. Wobei das laut Martin selbst eigentlich gar nicht z\u00e4hlt. &#8222;<em>Wozu ausstellen? Den Spa\u00df hab ich ja schon gehabt&#8220;.\u00a0\u00a0<\/em>Gut ok, aber wir wollen den Spa\u00df auch haben ;-).<\/p>\n<p style=\"text-align: left;\"><span style=\"font-size: 20px;\">Einst war die Wollke &#8230; ein Bild dessen Entstehung ich noch<\/span><span style=\"font-size: 20px;\">\u00a0miterlebt habe. Lang ists her.<\/span><\/p>\n<p><img loading=\"lazy\" decoding=\"async\" class=\"alignleft size-full wp-image-359\" alt=\"Martin_Wolke\" src=\"httpss:\/\/www.michi-endemann.at\/mep\/wp-content\/uploads\/2014\/03\/Martin_Wolke.jpg\" width=\"800\" height=\"600\" srcset=\"https:\/\/www.michi-endemann.at\/blog\/wp-content\/uploads\/2014\/03\/Martin_Wolke.jpg 800w, https:\/\/www.michi-endemann.at\/blog\/wp-content\/uploads\/2014\/03\/Martin_Wolke-300x225.jpg 300w, https:\/\/www.michi-endemann.at\/blog\/wp-content\/uploads\/2014\/03\/Martin_Wolke-768x576.jpg 768w\" sizes=\"auto, (max-width: 800px) 100vw, 800px\" \/><\/p>\n<p style=\"text-align: left;\">Und nun ist die Gallerie vollgepflastert mit Bildern und Collagen&#8230;<\/p>\n<p style=\"text-align: left;\"><a href=\"httpss:\/\/www.michi-endemann.at\/mep\/wp-content\/uploads\/2014\/03\/zugepflastert.jpg\"><img loading=\"lazy\" decoding=\"async\" class=\"alignleft size-full wp-image-360\" alt=\"zugepflastert\" src=\"httpss:\/\/www.michi-endemann.at\/mep\/wp-content\/uploads\/2014\/03\/zugepflastert.jpg\" width=\"800\" height=\"600\" srcset=\"https:\/\/www.michi-endemann.at\/blog\/wp-content\/uploads\/2014\/03\/zugepflastert.jpg 800w, https:\/\/www.michi-endemann.at\/blog\/wp-content\/uploads\/2014\/03\/zugepflastert-300x225.jpg 300w, https:\/\/www.michi-endemann.at\/blog\/wp-content\/uploads\/2014\/03\/zugepflastert-768x576.jpg 768w\" sizes=\"auto, (max-width: 800px) 100vw, 800px\" \/><\/a><\/p>\n<p style=\"text-align: left;\">Erkl\u00e4rungen d\u00fcrfen nicht fehlen<\/p>\n<p style=\"text-align: left;\"><a href=\"httpss:\/\/www.michi-endemann.at\/mep\/wp-content\/uploads\/2014\/03\/erklaerung.jpg\"><img loading=\"lazy\" decoding=\"async\" class=\"alignleft size-full wp-image-357\" alt=\"erklaerung\" src=\"httpss:\/\/www.michi-endemann.at\/mep\/wp-content\/uploads\/2014\/03\/erklaerung.jpg\" width=\"800\" height=\"600\" srcset=\"https:\/\/www.michi-endemann.at\/blog\/wp-content\/uploads\/2014\/03\/erklaerung.jpg 800w, https:\/\/www.michi-endemann.at\/blog\/wp-content\/uploads\/2014\/03\/erklaerung-300x225.jpg 300w, https:\/\/www.michi-endemann.at\/blog\/wp-content\/uploads\/2014\/03\/erklaerung-768x576.jpg 768w\" sizes=\"auto, (max-width: 800px) 100vw, 800px\" \/><\/a><\/p>\n<p style=\"text-align: left;\"><span style=\"font-size: 20px;\">Ebenso Au\u00dfenansichten&#8230;.<\/span><\/p>\n<p style=\"text-align: left;\"><a href=\"httpss:\/\/www.michi-endemann.at\/mep\/wp-content\/uploads\/2014\/03\/hintenrum.jpg\"><img loading=\"lazy\" decoding=\"async\" class=\"alignleft size-large wp-image-358\" alt=\"hintenrum\" src=\"httpss:\/\/www.michi-endemann.at\/mep\/wp-content\/uploads\/2014\/03\/hintenrum-767x1024.jpg\" width=\"767\" height=\"1024\" \/><\/a><span style=\"font-size: 20px;\">.<\/span><\/p>\n<p style=\"text-align: left;\">\n<p style=\"text-align: left;\">\n<p style=\"text-align: left;\">\n<p style=\"text-align: left;\">\n<p style=\"text-align: left;\">\n<p style=\"text-align: left;\">\n<p style=\"text-align: left;\">\n<p style=\"text-align: left;\">\n<p style=\"text-align: left;\">\n<p style=\"text-align: left;\">\n<p style=\"text-align: left;\">\n<p style=\"text-align: left;\">\n<p style=\"text-align: left;\">\n<p style=\"text-align: left;\">\n<p style=\"text-align: left;\">\n<p style=\"text-align: left;\">PS. weils schon lange her ist hier die Links zu meinen Post \u00fcber die Sommerakademie <a title=\"Anderswelten im Niemandsland\" href=\"httpss:\/\/www.michi-endemann.at\/mep\/?p=272\">2005<\/a> und <a title=\"Niemandsland Zakynthos\" href=\"httpss:\/\/www.michi-endemann.at\/mep\/?p=281\">2006<\/a><\/p>\n","protected":false},"excerpt":{"rendered":"<p>Collagen und Bilder von einst und jetzt. Martin Weingartner.Sommerakademie Zakynthos\u00a0seit hm ungez\u00e4hlten Jahren. Diesmal eine Ausstellung seiner Werke. Wobei das laut Martin selbst eigentlich gar nicht z\u00e4hlt. &#8222;Wozu ausstellen? Den Spa\u00df hab ich ja schon gehabt&#8220;.\u00a0\u00a0Gut ok, aber wir wollen den Spa\u00df auch haben ;-). Einst war die Wollke &#8230; ein Bild dessen Entstehung ich [&hellip;]<\/p>\n","protected":false},"author":1,"featured_media":354,"comment_status":"closed","ping_status":"closed","sticky":false,"template":"","format":"standard","meta":{"footnotes":""},"categories":[4],"tags":[],"class_list":["post-352","post","type-post","status-publish","format-standard","has-post-thumbnail","hentry","category-kreatices"],"_links":{"self":[{"href":"https:\/\/www.michi-endemann.at\/blog\/wp-json\/wp\/v2\/posts\/352","targetHints":{"allow":["GET"]}}],"collection":[{"href":"https:\/\/www.michi-endemann.at\/blog\/wp-json\/wp\/v2\/posts"}],"about":[{"href":"https:\/\/www.michi-endemann.at\/blog\/wp-json\/wp\/v2\/types\/post"}],"author":[{"embeddable":true,"href":"https:\/\/www.michi-endemann.at\/blog\/wp-json\/wp\/v2\/users\/1"}],"replies":[{"embeddable":true,"href":"https:\/\/www.michi-endemann.at\/blog\/wp-json\/wp\/v2\/comments?post=352"}],"version-history":[{"count":0,"href":"https:\/\/www.michi-endemann.at\/blog\/wp-json\/wp\/v2\/posts\/352\/revisions"}],"wp:featuredmedia":[{"embeddable":true,"href":"https:\/\/www.michi-endemann.at\/blog\/wp-json\/wp\/v2\/media\/354"}],"wp:attachment":[{"href":"https:\/\/www.michi-endemann.at\/blog\/wp-json\/wp\/v2\/media?parent=352"}],"wp:term":[{"taxonomy":"category","embeddable":true,"href":"https:\/\/www.michi-endemann.at\/blog\/wp-json\/wp\/v2\/categories?post=352"},{"taxonomy":"post_tag","embeddable":true,"href":"https:\/\/www.michi-endemann.at\/blog\/wp-json\/wp\/v2\/tags?post=352"}],"curies":[{"name":"wp","href":"https:\/\/api.w.org\/{rel}","templated":true}]}}