{"id":558,"date":"2012-11-09T18:53:03","date_gmt":"2012-11-09T17:53:03","guid":{"rendered":"http:\/\/www.michi-endemann.at\/mep\/?p=558"},"modified":"2012-11-09T18:53:03","modified_gmt":"2012-11-09T17:53:03","slug":"14-oesterr-journalistinnenkongress-2012","status":"publish","type":"post","link":"https:\/\/www.michi-endemann.at\/blog\/2012\/11\/09\/14-oesterr-journalistinnenkongress-2012\/","title":{"rendered":"14. \u00d6sterr. Journalistinnenkongress 2012"},"content":{"rendered":"<p>Wieder mal beim \u00d6sterreichischen Journalistinnenkongress gelandet. Glaub das ist schon mein 5ter oder so. Neben den spannenden Vortr\u00e4gen, die es nachzulesen geben wird (-> link)  gab es auf Twitter eine nette Convo und manche haben sich irl auch gefunden, oder grade so verpasst. Da das Thema jetzt nicht so recht zu Medtermine.at passt, verpasse ich meinem No-Comfort-Zone Blog einfach mal die Kategorie Comfort-Zone. Als Ausgleich \ud83d\ude42<\/p>\n<p>Hier die Convo, die auch gleich als Feedback und Anregung an die Veranstalter Daniela Schwarz &#8211; Die Schwarz geht \ud83d\ude42<\/p>\n<p>Interactions<\/p>\n<p>14h Meral Akin-Hecke \u200f@kigo warum heisst der<br \/>\nkongress nicht &#8222;kommunikatorinnenkongress&#8220;, w\u00e4r doch passender, oder? @fjumwien @lisapetete @wissit @BMeinl@FrauKassandra<\/p>\n<p>Beate Meinl \u200f@BMeinl @kigo @fjumwien @lisapetete @wissit @FrauKassandra da m\u00fcssten dann aber ALLE Frauen<br \/>\nhinkommen.<\/p>\n<p>12h Meral Akin-Hecke \u200f@kigo @BMeinl das geht natuerlich nicht;) #kommunikatorinnen<\/p>\n<p>MEndemann \u200f@wissit @kigo das stimmt,Gedanke ist mir beim<br \/>\nDurchsehen d TNinnen Liste auch gekommen @fjumwien @lisapetete @BMeinl @FrauKassandra<\/p>\n<p>11h Sabine Karrer \u200f@FrauKassandra @kigo F\u00e4nde die Idee super! @fjumwien @lisapetete @wissit @bmeinl<\/p>\n<p>11h MEndemann \u200f@wissit @fraukassandra @kigo @fjumwien @lisapetete @BMeinl \ud83d\ude42 viell. k\u00f6nnte<br \/>\nman n\u00e4chstes Jahr auch Zeit f Barcamp\/OpenSpace einplanen?<\/p>\n<p>10h Sabine Karrer \u200f@FrauKassandra @wissit Gute Idee! K\u00f6nnten wir als Feedback einbringen. \ud83d\ude09 @kigo@fjumwien @lisapetete @bmeinl<\/p>\n<p>54m Daniela Kraus \u2740 fjum \u200f@fjumwien @FrauKassandra @wissit @kigo @lisapetete @bmeinl und wenn sichs nicht in dem Rahmen realisieren laesst, k\u00f6nnt&#8217;ma was pre\/post \u00fcberlegen.<\/p>\n<p>MEndemann \u200f@wissit @fjumwien bin dabei \ud83d\ude42 @FrauKassandra @kigo @lisapetete @BMeinl<\/p>\n","protected":false},"excerpt":{"rendered":"<p>Wieder mal beim \u00d6sterreichischen Journalistinnenkongress gelandet. Glaub das ist schon mein 5ter oder so. Neben den spannenden Vortr\u00e4gen, die es nachzulesen geben wird (-> link) gab es auf Twitter eine nette Convo und manche haben sich irl auch gefunden, oder grade so verpasst. Da das Thema jetzt nicht so recht zu Medtermine.at passt, verpasse ich [&hellip;]<\/p>\n","protected":false},"author":1,"featured_media":0,"comment_status":"closed","ping_status":"closed","sticky":false,"template":"","format":"standard","meta":{"footnotes":""},"categories":[2],"tags":[],"class_list":["post-558","post","type-post","status-publish","format-standard","hentry","category-bleistiftasyl"],"_links":{"self":[{"href":"https:\/\/www.michi-endemann.at\/blog\/wp-json\/wp\/v2\/posts\/558","targetHints":{"allow":["GET"]}}],"collection":[{"href":"https:\/\/www.michi-endemann.at\/blog\/wp-json\/wp\/v2\/posts"}],"about":[{"href":"https:\/\/www.michi-endemann.at\/blog\/wp-json\/wp\/v2\/types\/post"}],"author":[{"embeddable":true,"href":"https:\/\/www.michi-endemann.at\/blog\/wp-json\/wp\/v2\/users\/1"}],"replies":[{"embeddable":true,"href":"https:\/\/www.michi-endemann.at\/blog\/wp-json\/wp\/v2\/comments?post=558"}],"version-history":[{"count":0,"href":"https:\/\/www.michi-endemann.at\/blog\/wp-json\/wp\/v2\/posts\/558\/revisions"}],"wp:attachment":[{"href":"https:\/\/www.michi-endemann.at\/blog\/wp-json\/wp\/v2\/media?parent=558"}],"wp:term":[{"taxonomy":"category","embeddable":true,"href":"https:\/\/www.michi-endemann.at\/blog\/wp-json\/wp\/v2\/categories?post=558"},{"taxonomy":"post_tag","embeddable":true,"href":"https:\/\/www.michi-endemann.at\/blog\/wp-json\/wp\/v2\/tags?post=558"}],"curies":[{"name":"wp","href":"https:\/\/api.w.org\/{rel}","templated":true}]}}