{"id":570,"date":"2012-02-08T19:11:19","date_gmt":"2012-02-08T18:11:19","guid":{"rendered":"http:\/\/www.michi-endemann.at\/mep\/?p=570"},"modified":"2012-02-08T19:11:19","modified_gmt":"2012-02-08T18:11:19","slug":"alte-beitraege","status":"publish","type":"post","link":"https:\/\/www.michi-endemann.at\/blog\/2012\/02\/08\/alte-beitraege\/","title":{"rendered":"alte Beitr\u00e4ge"},"content":{"rendered":"<p>Mittwoch, 8. Februar 2012<br \/>\n\u00c4rzte im Fokus der Werber<\/p>\n<p>Werbung ist wichtig? Praxismarketing? Pressearbeit? Oder gleich alles auf einmal? Rundumversorgt sozusagen, im Package zum Schleuderpreis. Klar dass die Qualit\u00e4t auf der Strecke bleibt, oder?<br \/>\nBiogem\u00fcse gibts wohl auch nur in der Mogelpackung zum Sonderpreis.<\/p>\n<p>Man mag viel dar\u00fcber diskutieren k\u00f6nnen, ob und wie sinnvoll generell Werbung f\u00fcr \u00c4rzte ist. Nicht umsonst hat die \u00c4rztekammer schon seit einiger Zeit Richtlinien zum Umgang mit der \u00d6ffentlichkeit und der Gesetzeskonformen Gestaltung der Arzt-Homepage.<\/p>\n<p>Und klar ist auch: Kommunikation auf allen Ebenen ist f\u00fcr \u00c4rzte wichtig, online wie offline, \u00c4rzte sind schlie\u00dflich auch Unternehmer. Das schlie\u00dft jedoch nicht aus, dass sie in einem besondern Umfeld arbeiten, eine Arztpraxis eben ein besonderes Unternehmen ist. Auch dass habe ich schon mal pr\u00e4sentiert &#8211; in Maastricht 2010 (Nachlese)<\/p>\n<p>Eines sollte jedoch klar sein, auch f\u00fcr Werber, die so etwas verkaufen &#8211; Werbung hat in einer Pressemeldung nichts verloren. Und die Unterscheidung Werbung &#8211; PR habe ich bereits in einem anderen Artikel dargelegt (Nachlesen:Erfolgsmagazin Juli 2009)<\/p>\n<p>Fundst\u00fccke gibt es leider viele &#8211; von OTS Meldungen, die wie Werbeanzeigen aussehen genauso wie Twitteraccounts mit tollen Beschreibungen wie gut man denn sei.<\/p>\n<p>Die Sinnhaftigkeit sollte jedoch diskutiert werden.<br \/>\nWer kl\u00e4rt die \u00c4rzte denn nun endlich auf was Werbung ist und was PR, was Sinn macht und was nicht, wie man sich im Social Web bewegt?<\/p>\n<p>Ich denke es liegt in der Verantwortung der Agenturen, die solche Dienstleistungen verkaufen, schon beim Erstgespr\u00e4ch seri\u00f6s zu informieren. Aber es liegt auch an den \u00c4rzten nicht jedem Werbekomplettpaket blind zu vertrauen nur weil es gerade &#8222;in&#8220; ist PR\/Werbung\/Social Media zu machen. Digitale Leichen gibt es schon genug.<\/p>\n<p>Geschrieben von wissit in \u00c4rzte um 12:06<br \/>\nKommentare (0) | Trackbacks (0) Tweet This!<br \/>\nTwitter Bookmark \u00c4rzte im Fokus der Werber at del.icio.us Facebook Google Bookmarks Digg \u00c4rzte im Fokus der Werber Bloglines \u00c4rzte im Fokus der Werber Technorati \u00c4rzte im Fokus der Werber Bookmark \u00c4rzte im Fokus der Werber at YahooMyWeb Bookmark \u00c4rzte im Fokus der Werber at reddit.com Bookmark \u00c4rzte im Fokus der Werber at Spurl.net Bookmark \u00c4rzte im Fokus der Werber at Simpy.com wong it! Bookmark using any bookmark manager! Stumble It! Print this article! E-mail this story to a friend! Identi.ca<\/p>\n<p>Montag, 6. Februar 2012<br \/>\nMehr Personal &#8211; weniger Kommunikation?<\/p>\n<p>Die GOEG &#8211; Gesundheit \u00d6sterreich GmbH gibt laufend Berichte und Studien \u00fcber das \u00f6sterreichische Gesundheitswesen heraus. Leider findet sich meist gar nichts in den Medien. Zum Thema &#8222;Besch\u00e4ftigungszahl&#8220; gibt es eine sehr interessante Tendenz: Steigend!<\/p>\n<p>Hei\u00dft, dass sich von 1980 bis 2008 die Anzahl mehr als verdoppelt hat.<br \/>\nDie Frage die sich mir und sicher auch anderen stellt:<\/p>\n<p>Wieso klappt es dann nicht mit der Kommunikation?<br \/>\nWieso jammern (typisch \u00f6sterreichisch) alle Einrichtungen \u00fcber die Personalknappheit?<\/p>\n<p>Hier das Originalzitat aus der Studie, die als pdf verf\u00fcgbar ist:<\/p>\n<p>Seite 21:<br \/>\n&#8222;Die Anzahl der Besch\u00e4ftigten im \u00f6sterreichischen Gesundheitswesen ist in den letzten Dekaden stark gewachsen. Der Personalstand(12) in \u00f6sterreichischen Krankenanstalten hat sich von 1980 bis 2008 von 48.521 Personen auf 102.364 erh\u00f6ht, was einem Anstieg von 110 Prozent entspricht. Auch die Anzahl an berufsaus\u00fcbenden \u00c4rztinnen und \u00c4rzten ist in den letzten Dekaden stark gestiegen und belief sich 2008 auf 41.830 Personen. Im Gesundheits- und Sozialwesen sind gesch\u00e4tzte 200.000 Personen besch\u00e4ftigt&#8220; (httpss:\/\/www.goeg.at\/de\/BerichtDetail\/Systembericht2010)<\/p>\n","protected":false},"excerpt":{"rendered":"<p>Mittwoch, 8. Februar 2012 \u00c4rzte im Fokus der Werber Werbung ist wichtig? Praxismarketing? Pressearbeit? Oder gleich alles auf einmal? Rundumversorgt sozusagen, im Package zum Schleuderpreis. Klar dass die Qualit\u00e4t auf der Strecke bleibt, oder? Biogem\u00fcse gibts wohl auch nur in der Mogelpackung zum Sonderpreis. Man mag viel dar\u00fcber diskutieren k\u00f6nnen, ob und wie sinnvoll generell [&hellip;]<\/p>\n","protected":false},"author":1,"featured_media":0,"comment_status":"closed","ping_status":"closed","sticky":false,"template":"","format":"standard","meta":{"footnotes":""},"categories":[2],"tags":[],"class_list":["post-570","post","type-post","status-publish","format-standard","hentry","category-bleistiftasyl"],"_links":{"self":[{"href":"https:\/\/www.michi-endemann.at\/blog\/wp-json\/wp\/v2\/posts\/570","targetHints":{"allow":["GET"]}}],"collection":[{"href":"https:\/\/www.michi-endemann.at\/blog\/wp-json\/wp\/v2\/posts"}],"about":[{"href":"https:\/\/www.michi-endemann.at\/blog\/wp-json\/wp\/v2\/types\/post"}],"author":[{"embeddable":true,"href":"https:\/\/www.michi-endemann.at\/blog\/wp-json\/wp\/v2\/users\/1"}],"replies":[{"embeddable":true,"href":"https:\/\/www.michi-endemann.at\/blog\/wp-json\/wp\/v2\/comments?post=570"}],"version-history":[{"count":0,"href":"https:\/\/www.michi-endemann.at\/blog\/wp-json\/wp\/v2\/posts\/570\/revisions"}],"wp:attachment":[{"href":"https:\/\/www.michi-endemann.at\/blog\/wp-json\/wp\/v2\/media?parent=570"}],"wp:term":[{"taxonomy":"category","embeddable":true,"href":"https:\/\/www.michi-endemann.at\/blog\/wp-json\/wp\/v2\/categories?post=570"},{"taxonomy":"post_tag","embeddable":true,"href":"https:\/\/www.michi-endemann.at\/blog\/wp-json\/wp\/v2\/tags?post=570"}],"curies":[{"name":"wp","href":"https:\/\/api.w.org\/{rel}","templated":true}]}}